{"id":168,"date":"2019-03-25T17:30:39","date_gmt":"2019-03-25T16:30:39","guid":{"rendered":"https:\/\/landeselternverband.de\/?p=168"},"modified":"2019-05-07T17:28:19","modified_gmt":"2019-05-07T15:28:19","slug":"gebaerdenfuehrungen-in-den-lwl-museen","status":"publish","type":"post","link":"https:\/\/landeselternverband.de\/?p=168","title":{"rendered":"Geb\u00e4rdenf\u00fchrungen in den LWL-Museen"},"content":{"rendered":"\n<p>Der Landschaftsverband Westfalen-Lippe bietet F\u00fchrungen in Geb\u00e4rdensprache an, gern auch mit Kindern.<\/p>\n\n\n\n<p><a href=\"https:\/\/www.lwl-kultur.de\/de\/inklusion\/gebaerdenfuehrungen\/\">F\u00fcr n\u00e4here Informationen und Terminangaben bitte hier klicken!<\/a><\/p>\n","protected":false},"excerpt":{"rendered":"<p>Der Landschaftsverband Westfalen-Lippe bietet F\u00fchrungen in Geb\u00e4rdensprache an, gern auch mit Kindern. F\u00fcr n\u00e4here Informationen und Terminangaben bitte hier klicken!<\/p>\n","protected":false},"author":3,"featured_media":0,"comment_status":"closed","ping_status":"open","sticky":false,"template":"","format":"standard","meta":{"jetpack_post_was_ever_published":false,"_jetpack_newsletter_access":"","_jetpack_dont_email_post_to_subs":false,"_jetpack_newsletter_tier_id":0,"_jetpack_memberships_contains_paywalled_content":false,"_jetpack_memberships_contains_paid_content":false,"footnotes":"","jetpack_publicize_message":"","jetpack_publicize_feature_enabled":true,"jetpack_social_post_already_shared":true,"jetpack_social_options":{"image_generator_settings":{"template":"highway","default_image_id":0,"font":"","enabled":false},"version":2}},"categories":[25],"tags":[26,10,27],"class_list":["post-168","post","type-post","status-publish","format-standard","category-ausflugstipps","tag-ausflug","tag-dgs","tag-fuehrung"],"jetpack_publicize_connections":[],"jetpack_featured_media_url":"","jetpack_sharing_enabled":true,"jetpack_shortlink":"https:\/\/wp.me\/paPRwJ-2I","jetpack-related-posts":[{"id":1015,"url":"https:\/\/landeselternverband.de\/?p=1015","url_meta":{"origin":168,"position":0},"title":"Stellungnahme zum Gesamtkonzept des inklusiven Schulsystems, insbesondere f\u00fcr h\u00f6rbehinderte Kinder","author":"AdminLEV","date":"19. August 2023","format":false,"excerpt":"Die aktuelle Ver\u00f6ffentlichung des Deutschen Instituts f\u00fcr Menschenrechte \u201eSchulische Inklusion wirksam umsetzen\u201c stellt das Gesamtkonzepts zur Umstrukturierung allgemeiner zu inklusiven Schulen vor, das den systematischen und schrittweisen Abbau von F\u00f6rderschulstandorten vorsieht. Wir stellen fest, dass das Gesamtkonzept zur Umstrukturierung allgemeiner zu inklusiven Schulen insbesondere h\u00f6rbehinderte Kinder diskriminiert, da es nicht\u2026","rel":"","context":"In &quot;Stellungnahme&quot;","block_context":{"text":"Stellungnahme","link":"https:\/\/landeselternverband.de\/?cat=2"},"img":{"alt_text":"","src":"https:\/\/i0.wp.com\/landeselternverband.de\/wp-content\/uploads\/2023\/08\/image.png?resize=350%2C200&ssl=1","width":350,"height":200,"srcset":"https:\/\/i0.wp.com\/landeselternverband.de\/wp-content\/uploads\/2023\/08\/image.png?resize=350%2C200&ssl=1 1x, https:\/\/i0.wp.com\/landeselternverband.de\/wp-content\/uploads\/2023\/08\/image.png?resize=525%2C300&ssl=1 1.5x, https:\/\/i0.wp.com\/landeselternverband.de\/wp-content\/uploads\/2023\/08\/image.png?resize=700%2C400&ssl=1 2x"},"classes":[]},{"id":682,"url":"https:\/\/landeselternverband.de\/?p=682","url_meta":{"origin":168,"position":1},"title":"Umfrage f\u00fcr Eltern mit CI-Kind(ern) und Geb\u00e4rdensprache","author":"Susann Harnisch","date":"25. Oktober 2020","format":false,"excerpt":"Uns hat eine Umfrage f\u00fcr Eltern mit CI-implantierten Kind(ern) erreicht, die auch Geb\u00e4rdensprache lernen. Hier gibt es n\u00e4hrere Infos dazu: Umfrage-CI-und-Gebaerdensprache Herunterladen Und HIER gibt es die Umfrage. Danke f\u00fcrs Mitmachen!","rel":"","context":"\u00c4hnlicher Beitrag","block_context":{"text":"\u00c4hnlicher Beitrag","link":""},"img":{"alt_text":"","src":"","width":0,"height":0},"classes":[]},{"id":138,"url":"https:\/\/landeselternverband.de\/?p=138","url_meta":{"origin":168,"position":2},"title":"Stellungnahme zum Thema Geb\u00e4rdensprache an Schulen","author":"Susann Harnisch","date":"25. M\u00e4rz 2019","format":false,"excerpt":"Der Landeselternverband geh\u00f6rloser und schwerh\u00f6riger Kinder und Jugendlicher Nordrhein-Westfalen e. V. fordert, dass die Deutsche Geb\u00e4rdensprache in F\u00f6rderschulen unterrichtet wird. Lehrerinnen und Lehrer an den Schulen m\u00fcssen dazu bef\u00e4higt werden, mit jeder Art H\u00f6rsch\u00e4digung kommunizieren zu k\u00f6nnen. Alle Sch\u00fclerinnen und Sch\u00fcler an den Schulen sollen in der Lage sein, miteinander\u2026","rel":"","context":"In &quot;Stellungnahme&quot;","block_context":{"text":"Stellungnahme","link":"https:\/\/landeselternverband.de\/?cat=2"},"img":{"alt_text":"","src":"","width":0,"height":0},"classes":[]},{"id":647,"url":"https:\/\/landeselternverband.de\/?p=647","url_meta":{"origin":168,"position":3},"title":"Vorstandssitzung vom 2. Oktober 2020","author":"Susann Harnisch","date":"4. Oktober 2020","format":false,"excerpt":"Wir haben dieses Mal alle Termine f\u00fcr das kommende Jahr abgestimmt. Hier die wichtigsten f\u00fcr euch:Am 21. November 2021 ist die n\u00e4chste Mitgliederversammlung.F\u00fcr 2021 werden wir bei zwei Terminen in den Austausch mit den Schulleiterinnen und Schulleitern der F\u00f6rderschulen H\u00f6ren\/Kommunikation treten. Wenn ihr also Themen habe, die euch daf\u00fcr wichtig\u2026","rel":"","context":"\u00c4hnlicher Beitrag","block_context":{"text":"\u00c4hnlicher Beitrag","link":""},"img":{"alt_text":"","src":"","width":0,"height":0},"classes":[]},{"id":136,"url":"https:\/\/landeselternverband.de\/?p=136","url_meta":{"origin":168,"position":4},"title":"Stellungnahme zum B\u00fcndnis inklusive Bildung NRW","author":"Susann Harnisch","date":"25. M\u00e4rz 2019","format":false,"excerpt":"Der Landeselternverband geh\u00f6rloser und schwerh\u00f6riger Kinder und Jugendlicher Nordrhein-Westfalen e. V. f\u00fchlt sich durch das B\u00fcndnis inklusive Bildung nicht vertreten, da kein Verband mit H\u00f6rsch\u00e4digung dabei ist. Es ist gut, dass das B\u00fcndnis ein Wahlrecht f\u00fcr Eltern durchgesetzt hat. Es gibt Eltern, die von diesem Wahlrecht Gebrauch machen und ihre\u2026","rel":"","context":"In &quot;Stellungnahme&quot;","block_context":{"text":"Stellungnahme","link":"https:\/\/landeselternverband.de\/?cat=2"},"img":{"alt_text":"","src":"","width":0,"height":0},"classes":[]},{"id":251,"url":"https:\/\/landeselternverband.de\/?p=251","url_meta":{"origin":168,"position":5},"title":"Appell: Kinderfilme mit Geb\u00e4rdensprache!","author":"Ulrik Harnisch","date":"11. April 2019","format":false,"excerpt":"Bitte macht mit und untert\u00fctzt den Appell f\u00fcr Kinderfilme mit Geb\u00e4rden!","rel":"","context":"In &quot;Petition&quot;","block_context":{"text":"Petition","link":"https:\/\/landeselternverband.de\/?cat=36"},"img":{"alt_text":"","src":"","width":0,"height":0},"classes":[]}],"_links":{"self":[{"href":"https:\/\/landeselternverband.de\/index.php?rest_route=\/wp\/v2\/posts\/168","targetHints":{"allow":["GET"]}}],"collection":[{"href":"https:\/\/landeselternverband.de\/index.php?rest_route=\/wp\/v2\/posts"}],"about":[{"href":"https:\/\/landeselternverband.de\/index.php?rest_route=\/wp\/v2\/types\/post"}],"author":[{"embeddable":true,"href":"https:\/\/landeselternverband.de\/index.php?rest_route=\/wp\/v2\/users\/3"}],"replies":[{"embeddable":true,"href":"https:\/\/landeselternverband.de\/index.php?rest_route=%2Fwp%2Fv2%2Fcomments&post=168"}],"version-history":[{"count":1,"href":"https:\/\/landeselternverband.de\/index.php?rest_route=\/wp\/v2\/posts\/168\/revisions"}],"predecessor-version":[{"id":169,"href":"https:\/\/landeselternverband.de\/index.php?rest_route=\/wp\/v2\/posts\/168\/revisions\/169"}],"wp:attachment":[{"href":"https:\/\/landeselternverband.de\/index.php?rest_route=%2Fwp%2Fv2%2Fmedia&parent=168"}],"wp:term":[{"taxonomy":"category","embeddable":true,"href":"https:\/\/landeselternverband.de\/index.php?rest_route=%2Fwp%2Fv2%2Fcategories&post=168"},{"taxonomy":"post_tag","embeddable":true,"href":"https:\/\/landeselternverband.de\/index.php?rest_route=%2Fwp%2Fv2%2Ftags&post=168"}],"curies":[{"name":"wp","href":"https:\/\/api.w.org\/{rel}","templated":true}]}}