{"id":230,"date":"2019-04-04T21:30:48","date_gmt":"2019-04-04T19:30:48","guid":{"rendered":"https:\/\/landeselternverband.de\/?p=230"},"modified":"2019-05-07T17:28:19","modified_gmt":"2019-05-07T15:28:19","slug":"barrierefreie-schule-fuer-hoergeschaedigte-schueler","status":"publish","type":"post","link":"https:\/\/landeselternverband.de\/?p=230","title":{"rendered":"Stellungnahme zur barrierefreien Schule f\u00fcr h\u00f6rgesch\u00e4digte Sch\u00fcler"},"content":{"rendered":"\n<p>Der Landeselternverband geh\u00f6rloser und schwerh\u00f6riger Kinder und Jugendlicher NRW fordert den sukzessiven Umbau der F\u00f6rderschulen f\u00fcr H\u00f6ren und Kommunikation und den Abbau der Barrieren in den Schulen f\u00fcr h\u00f6rgesch\u00e4digte Sch\u00fcler.<\/p>\n\n\n\n<p>Alle Sch\u00fcler sollen in die Lage versetzt werden, selbst\u00e4ndig anhand von visuellen Signalen oder digitalen Informationstafeln jegliche Art von Informationen wahrzunehmen. Alle Lautsprechdurchsagen oder Notfallsignale sollen sie damit direkt erreichen. Eine vollkommene Abh\u00e4ngigkeit vom h\u00f6renden Lehrpersonal soll damit ausgeschlossen werden.<\/p>\n\n\n\n<p>Alle Informationen, die die Sch\u00fclerschaft im Allgemeinen betreffen, sollen auch geb\u00e4rdensprachlich ver\u00f6ffentlicht werden, um Sch\u00fclern, die noch nicht schriftsprachkompetent sind, diese Informationen nicht vorzuenthalten.<\/p>\n\n\n\n<p>Alle Veranstaltungen der Schule, an denen die ganze Sch\u00fclerschaft oder auch nur Teile der Sch\u00fclerschaft teilnehmen, sollen von Geb\u00e4rdensprachdolmetschern \u00fcbersetzt werden, um eine gleichberechtigte Information ALLER Sch\u00fcler zu erreichen.<\/p>\n\n\n\n<p>Jeder Lehrer der Schule soll mit jedem Sch\u00fcler der Schule kommunizieren k\u00f6nnen, egal welche Kommunikationsform der h\u00f6rgesch\u00e4digte Sch\u00fcler f\u00fcr sich beansprucht. Entsprechende Schulungen der Lehrer sollen bereitgestellt werden. Auch B\u00fcrokr\u00e4fte, OGS-Mitarbeiter und Hausmeister sollten entsprechend geschult werden.<\/p>\n\n\n\n<p>Speziell in Notfallsituationen wie z.B. Feuer, Amok etc. sollen die Schulen so ausgestattet sein, dass jeder Sch\u00fcler unabh\u00e4ngig von seinem H\u00f6rstatus in jedem Bereich der Schule \u00fcber den Notfall in Kenntnis gesetzt wird. Das gilt speziell f\u00fcr die Zeit, in der Sch\u00fcler alleine sind (z.B. Toilette).<\/p>\n\n\n\n<p> Zudem muss sichergestellt sein, dass die akustischen und optischen Signale gleichzeitig erfolgen.<\/p>\n\n\n\n<p>Der Landeselternverband geh\u00f6rloser und schwerh\u00f6riger Kinder und Jugendlicher NRW fordert, dass sich die entsprechenden Ministerien und Regierungspr\u00e4sidien im Sinne der Sicherheit h\u00f6rgesch\u00e4digter Kinder und Jugendlicher umgehend mit der L\u00f6sung dieses aktuellen Missstandes in den F\u00f6rderschulen f\u00fcr H\u00f6ren und Kommunikation befassen.<\/p>\n","protected":false},"excerpt":{"rendered":"<p>Der Landeselternverband geh\u00f6rloser und schwerh\u00f6riger Kinder und Jugendlicher NRW fordert den sukzessiven Umbau der F\u00f6rderschulen f\u00fcr H\u00f6ren und Kommunikation und den Abbau der Barrieren in&hellip;<\/p>\n<p> <a class=\"more-link\" href=\"https:\/\/landeselternverband.de\/?p=230\">Weiterlesen<\/a><\/p>\n","protected":false},"author":3,"featured_media":0,"comment_status":"closed","ping_status":"open","sticky":false,"template":"","format":"standard","meta":{"jetpack_post_was_ever_published":false,"_jetpack_newsletter_access":"","_jetpack_dont_email_post_to_subs":false,"_jetpack_newsletter_tier_id":0,"_jetpack_memberships_contains_paywalled_content":false,"_jetpack_memberships_contains_paid_content":false,"footnotes":"","jetpack_publicize_message":"","jetpack_publicize_feature_enabled":true,"jetpack_social_post_already_shared":true,"jetpack_social_options":{"image_generator_settings":{"template":"highway","default_image_id":0,"font":"","enabled":false},"version":2}},"categories":[2],"tags":[34,10,9,4,35],"class_list":["post-230","post","type-post","status-publish","format-standard","category-stellungnahme","tag-barrierefrei","tag-dgs","tag-dolmetscher","tag-foerderschule","tag-schule"],"jetpack_publicize_connections":[],"jetpack_featured_media_url":"","jetpack_sharing_enabled":true,"jetpack_shortlink":"https:\/\/wp.me\/paPRwJ-3I","jetpack-related-posts":[{"id":1015,"url":"https:\/\/landeselternverband.de\/?p=1015","url_meta":{"origin":230,"position":0},"title":"Stellungnahme zum Gesamtkonzept des inklusiven Schulsystems, insbesondere f\u00fcr h\u00f6rbehinderte Kinder","author":"AdminLEV","date":"19. August 2023","format":false,"excerpt":"Die aktuelle Ver\u00f6ffentlichung des Deutschen Instituts f\u00fcr Menschenrechte \u201eSchulische Inklusion wirksam umsetzen\u201c stellt das Gesamtkonzepts zur Umstrukturierung allgemeiner zu inklusiven Schulen vor, das den systematischen und schrittweisen Abbau von F\u00f6rderschulstandorten vorsieht. Wir stellen fest, dass das Gesamtkonzept zur Umstrukturierung allgemeiner zu inklusiven Schulen insbesondere h\u00f6rbehinderte Kinder diskriminiert, da es nicht\u2026","rel":"","context":"In &quot;Stellungnahme&quot;","block_context":{"text":"Stellungnahme","link":"https:\/\/landeselternverband.de\/?cat=2"},"img":{"alt_text":"","src":"https:\/\/i0.wp.com\/landeselternverband.de\/wp-content\/uploads\/2023\/08\/image.png?resize=350%2C200&ssl=1","width":350,"height":200,"srcset":"https:\/\/i0.wp.com\/landeselternverband.de\/wp-content\/uploads\/2023\/08\/image.png?resize=350%2C200&ssl=1 1x, https:\/\/i0.wp.com\/landeselternverband.de\/wp-content\/uploads\/2023\/08\/image.png?resize=525%2C300&ssl=1 1.5x, https:\/\/i0.wp.com\/landeselternverband.de\/wp-content\/uploads\/2023\/08\/image.png?resize=700%2C400&ssl=1 2x"},"classes":[]},{"id":138,"url":"https:\/\/landeselternverband.de\/?p=138","url_meta":{"origin":230,"position":1},"title":"Stellungnahme zum Thema Geb\u00e4rdensprache an Schulen","author":"Susann Harnisch","date":"25. M\u00e4rz 2019","format":false,"excerpt":"Der Landeselternverband geh\u00f6rloser und schwerh\u00f6riger Kinder und Jugendlicher Nordrhein-Westfalen e. V. fordert, dass die Deutsche Geb\u00e4rdensprache in F\u00f6rderschulen unterrichtet wird. Lehrerinnen und Lehrer an den Schulen m\u00fcssen dazu bef\u00e4higt werden, mit jeder Art H\u00f6rsch\u00e4digung kommunizieren zu k\u00f6nnen. Alle Sch\u00fclerinnen und Sch\u00fcler an den Schulen sollen in der Lage sein, miteinander\u2026","rel":"","context":"In &quot;Stellungnahme&quot;","block_context":{"text":"Stellungnahme","link":"https:\/\/landeselternverband.de\/?cat=2"},"img":{"alt_text":"","src":"","width":0,"height":0},"classes":[]},{"id":7,"url":"https:\/\/landeselternverband.de\/?p=7","url_meta":{"origin":230,"position":2},"title":"Stellungnahme zum Englischunterricht an Fo\u0308rderschulen Ho\u0308ren und Kommunikation in NRW","author":"Susann Harnisch","date":"24. M\u00e4rz 2019","format":false,"excerpt":"Der Landeselternverband geh\u00f6rloser und schwerh\u00f6riger Kinder und Jugendlicher NRW e.V. schlie\u00dft sich den Forderungen des Bundeselternverbandes geh\u00f6rloser Kinder e.V. an und fordert ebenfalls den Englischunterricht in ASL (American Sign Language) in den nordrhein-westf\u00e4lischen F\u00f6rderschulen H\u00f6ren und Kommunikation durchzuf\u00fchren. Die von den Englischlehrern der F\u00f6rderschulen H\u00f6ren und Kommunikation in ihrer Landes-fachkonferenz\u2026","rel":"","context":"In &quot;Stellungnahme&quot;","block_context":{"text":"Stellungnahme","link":"https:\/\/landeselternverband.de\/?cat=2"},"img":{"alt_text":"","src":"","width":0,"height":0},"classes":[]},{"id":134,"url":"https:\/\/landeselternverband.de\/?p=134","url_meta":{"origin":230,"position":3},"title":"Stellungnahme zum Thema inklusive Medien (Termin 25.1. beim WDR)","author":"Susann Harnisch","date":"25. M\u00e4rz 2019","format":false,"excerpt":"Der Landeselternverband geh\u00f6rloser und schwerh\u00f6riger Kinder und Jugendlicher Nordrhein-Westfalen e. V. fordert einen barrierefreien Zugang zu Fernsehen f\u00fcr Kinder mit H\u00f6rsch\u00e4digung und Geh\u00f6rlosigkeit. Damit sind auch die Kinder gemeint, die noch nicht lesen k\u00f6nnen. Konkret werden f\u00fcr h\u00f6rgesch\u00e4digte und geh\u00f6rlose Kinder eingeblendete Geb\u00e4rdensprachdolmetscher f\u00fcr Sendungen bis in ein Alter von\u2026","rel":"","context":"In &quot;Stellungnahme&quot;","block_context":{"text":"Stellungnahme","link":"https:\/\/landeselternverband.de\/?cat=2"},"img":{"alt_text":"","src":"","width":0,"height":0},"classes":[]},{"id":647,"url":"https:\/\/landeselternverband.de\/?p=647","url_meta":{"origin":230,"position":4},"title":"Vorstandssitzung vom 2. Oktober 2020","author":"Susann Harnisch","date":"4. Oktober 2020","format":false,"excerpt":"Wir haben dieses Mal alle Termine f\u00fcr das kommende Jahr abgestimmt. Hier die wichtigsten f\u00fcr euch:Am 21. November 2021 ist die n\u00e4chste Mitgliederversammlung.F\u00fcr 2021 werden wir bei zwei Terminen in den Austausch mit den Schulleiterinnen und Schulleitern der F\u00f6rderschulen H\u00f6ren\/Kommunikation treten. Wenn ihr also Themen habe, die euch daf\u00fcr wichtig\u2026","rel":"","context":"\u00c4hnlicher Beitrag","block_context":{"text":"\u00c4hnlicher Beitrag","link":""},"img":{"alt_text":"","src":"","width":0,"height":0},"classes":[]},{"id":136,"url":"https:\/\/landeselternverband.de\/?p=136","url_meta":{"origin":230,"position":5},"title":"Stellungnahme zum B\u00fcndnis inklusive Bildung NRW","author":"Susann Harnisch","date":"25. M\u00e4rz 2019","format":false,"excerpt":"Der Landeselternverband geh\u00f6rloser und schwerh\u00f6riger Kinder und Jugendlicher Nordrhein-Westfalen e. V. f\u00fchlt sich durch das B\u00fcndnis inklusive Bildung nicht vertreten, da kein Verband mit H\u00f6rsch\u00e4digung dabei ist. Es ist gut, dass das B\u00fcndnis ein Wahlrecht f\u00fcr Eltern durchgesetzt hat. Es gibt Eltern, die von diesem Wahlrecht Gebrauch machen und ihre\u2026","rel":"","context":"In &quot;Stellungnahme&quot;","block_context":{"text":"Stellungnahme","link":"https:\/\/landeselternverband.de\/?cat=2"},"img":{"alt_text":"","src":"","width":0,"height":0},"classes":[]}],"_links":{"self":[{"href":"https:\/\/landeselternverband.de\/index.php?rest_route=\/wp\/v2\/posts\/230","targetHints":{"allow":["GET"]}}],"collection":[{"href":"https:\/\/landeselternverband.de\/index.php?rest_route=\/wp\/v2\/posts"}],"about":[{"href":"https:\/\/landeselternverband.de\/index.php?rest_route=\/wp\/v2\/types\/post"}],"author":[{"embeddable":true,"href":"https:\/\/landeselternverband.de\/index.php?rest_route=\/wp\/v2\/users\/3"}],"replies":[{"embeddable":true,"href":"https:\/\/landeselternverband.de\/index.php?rest_route=%2Fwp%2Fv2%2Fcomments&post=230"}],"version-history":[{"count":2,"href":"https:\/\/landeselternverband.de\/index.php?rest_route=\/wp\/v2\/posts\/230\/revisions"}],"predecessor-version":[{"id":232,"href":"https:\/\/landeselternverband.de\/index.php?rest_route=\/wp\/v2\/posts\/230\/revisions\/232"}],"wp:attachment":[{"href":"https:\/\/landeselternverband.de\/index.php?rest_route=%2Fwp%2Fv2%2Fmedia&parent=230"}],"wp:term":[{"taxonomy":"category","embeddable":true,"href":"https:\/\/landeselternverband.de\/index.php?rest_route=%2Fwp%2Fv2%2Fcategories&post=230"},{"taxonomy":"post_tag","embeddable":true,"href":"https:\/\/landeselternverband.de\/index.php?rest_route=%2Fwp%2Fv2%2Ftags&post=230"}],"curies":[{"name":"wp","href":"https:\/\/api.w.org\/{rel}","templated":true}]}}