{"id":251,"date":"2019-04-11T11:11:34","date_gmt":"2019-04-11T09:11:34","guid":{"rendered":"https:\/\/landeselternverband.de\/?p=251"},"modified":"2019-05-07T17:28:19","modified_gmt":"2019-05-07T15:28:19","slug":"appell-kinderfilme-mit-gebaerdensprache","status":"publish","type":"post","link":"https:\/\/landeselternverband.de\/?p=251","title":{"rendered":"Appell: Kinderfilme mit Geb\u00e4rdensprache!"},"content":{"rendered":"\n<p>Bitte macht mit und untert\u00fctzt den <a href=\"https:\/\/www.openpetition.eu\/petition\/online\/kinderfilme-mit-gebaerdensprache?fbclid=IwAR2Rfa2iqrEAje5L55cLfKVPFElQbguwKchWJ-hBQmhrgSIVAnWYzZ80ycU\">Appell f\u00fcr Kinderfilme mit Geb\u00e4rden<\/a>!<\/p>\n\n\n\n<p><\/p>\n","protected":false},"excerpt":{"rendered":"<p>Bitte macht mit und untert\u00fctzt den Appell f\u00fcr Kinderfilme mit Geb\u00e4rden!<\/p>\n","protected":false},"author":3,"featured_media":0,"comment_status":"closed","ping_status":"open","sticky":false,"template":"","format":"standard","meta":{"jetpack_post_was_ever_published":false,"_jetpack_newsletter_access":"","_jetpack_dont_email_post_to_subs":false,"_jetpack_newsletter_tier_id":0,"_jetpack_memberships_contains_paywalled_content":false,"_jetpack_memberships_contains_paid_content":false,"footnotes":"","jetpack_publicize_message":"","jetpack_publicize_feature_enabled":true,"jetpack_social_post_already_shared":true,"jetpack_social_options":{"image_generator_settings":{"template":"highway","default_image_id":0,"font":"","enabled":false},"version":2}},"categories":[36],"tags":[10,30,31,37],"class_list":["post-251","post","type-post","status-publish","format-standard","category-petition","tag-dgs","tag-gebaerden","tag-kino","tag-petition"],"jetpack_publicize_connections":[],"jetpack_featured_media_url":"","jetpack_sharing_enabled":true,"jetpack_shortlink":"https:\/\/wp.me\/paPRwJ-43","jetpack-related-posts":[{"id":203,"url":"https:\/\/landeselternverband.de\/?p=203","url_meta":{"origin":251,"position":0},"title":"Sendungen mit Geb\u00e4rden","author":"Ulrik Harnisch","date":"26. M\u00e4rz 2019","format":false,"excerpt":"Als kurzer Tipp: Unter der Adresse https:\/\/mediathekviewweb.de\/#query=gebaerden findet man alle Sendungen der \u00f6ffentlich-rechtlichen Mediatheken mit Geb\u00e4rdenverdolmetschung an einem Ort.","rel":"","context":"In \"DGS\"","block_context":{"text":"DGS","link":"https:\/\/landeselternverband.de\/?tag=dgs"},"img":{"alt_text":"","src":"","width":0,"height":0},"classes":[]},{"id":677,"url":"https:\/\/landeselternverband.de\/?p=677","url_meta":{"origin":251,"position":1},"title":"Hilfe f\u00fcr Th\u00fcringen","author":"Susann Harnisch","date":"25. Oktober 2020","format":false,"excerpt":"Im Th\u00fcringer Gesetz zur Inklusion und Gleichstellung von Menschen mit Behinderungen (Th\u00fcrGIG) wurden geh\u00f6rlose Eltern mit Coda-Kindern vergessen. Aufgrund dieses Fehlers im Gesetz gab es bereits einige F\u00e4lle, in denen den geh\u00f6rlosen Eltern die Antr\u00e4ge auf Kosten\u00fcbernahme f\u00fcr Dolmetscher im Kindergarten f\u00fcr Elterngespr\u00e4che oder Elternabende abgelehnt wurden. Mehr dazu k\u00f6nnt\u2026","rel":"","context":"\u00c4hnlicher Beitrag","block_context":{"text":"\u00c4hnlicher Beitrag","link":""},"img":{"alt_text":"","src":"","width":0,"height":0},"classes":[]},{"id":631,"url":"https:\/\/landeselternverband.de\/?p=631","url_meta":{"origin":251,"position":2},"title":"Vorstandssitzung vom 18. September 2020","author":"AdminLEV","date":"23. September 2020","format":false,"excerpt":"Zwei F\u00f6rderschulen H\u00f6ren\/Kommunikation in Nordrhein-Westfalen haben neue Schulleitungen, die wir herzlich begl\u00fcckw\u00fcnschen.Bei einem Termin an einer F\u00f6rderschule m\u00f6chten \u00fcber den Einsatz von Geb\u00e4rdensprache sprechen.Wir m\u00f6chten euch Angebote f\u00fcr digitale Elterntreffen machen. Der erste Termin hierf\u00fcr ist der 9. Oktober 2020 von 17 bis 19 Uhr. Liane, Susan und Marty geb\u00e4rden\u2026","rel":"","context":"In &quot;Vorstandssitzungen&quot;","block_context":{"text":"Vorstandssitzungen","link":"https:\/\/landeselternverband.de\/?cat=72"},"img":{"alt_text":"","src":"","width":0,"height":0},"classes":[]},{"id":485,"url":"https:\/\/landeselternverband.de\/?p=485","url_meta":{"origin":251,"position":3},"title":"Filmprojekt \u00fcber Eltern und ihre Kinder mit Behinderung und Zuwanderungsgeschichte","author":"Susann Harnisch","date":"2. November 2019","format":false,"excerpt":"Filmprojekt Wuppertal fragt nach Teilnehmern: Im Zentrum des Dokumentarfilms soll das Leben von Menschen mit Zuwanderungsgeschichte in Deutschland mit einem Kind mit Behinderung stehen: Wie ist das Leben als Mensch mit Behinderung und Einwanderungsgeschichte in Deutschland? Wo gibt es Probleme, wo und wie wurde Unterst\u00fctzung erlebt? In dem Film wird\u2026","rel":"","context":"In \"Filmprojekt\"","block_context":{"text":"Filmprojekt","link":"https:\/\/landeselternverband.de\/?tag=filmprojekt"},"img":{"alt_text":"","src":"","width":0,"height":0},"classes":[]},{"id":7,"url":"https:\/\/landeselternverband.de\/?p=7","url_meta":{"origin":251,"position":4},"title":"Stellungnahme zum Englischunterricht an Fo\u0308rderschulen Ho\u0308ren und Kommunikation in NRW","author":"Susann Harnisch","date":"24. M\u00e4rz 2019","format":false,"excerpt":"Der Landeselternverband geh\u00f6rloser und schwerh\u00f6riger Kinder und Jugendlicher NRW e.V. schlie\u00dft sich den Forderungen des Bundeselternverbandes geh\u00f6rloser Kinder e.V. an und fordert ebenfalls den Englischunterricht in ASL (American Sign Language) in den nordrhein-westf\u00e4lischen F\u00f6rderschulen H\u00f6ren und Kommunikation durchzuf\u00fchren. Die von den Englischlehrern der F\u00f6rderschulen H\u00f6ren und Kommunikation in ihrer Landes-fachkonferenz\u2026","rel":"","context":"In &quot;Stellungnahme&quot;","block_context":{"text":"Stellungnahme","link":"https:\/\/landeselternverband.de\/?cat=2"},"img":{"alt_text":"","src":"","width":0,"height":0},"classes":[]},{"id":1015,"url":"https:\/\/landeselternverband.de\/?p=1015","url_meta":{"origin":251,"position":5},"title":"Stellungnahme zum Gesamtkonzept des inklusiven Schulsystems, insbesondere f\u00fcr h\u00f6rbehinderte Kinder","author":"AdminLEV","date":"19. August 2023","format":false,"excerpt":"Die aktuelle Ver\u00f6ffentlichung des Deutschen Instituts f\u00fcr Menschenrechte \u201eSchulische Inklusion wirksam umsetzen\u201c stellt das Gesamtkonzepts zur Umstrukturierung allgemeiner zu inklusiven Schulen vor, das den systematischen und schrittweisen Abbau von F\u00f6rderschulstandorten vorsieht. Wir stellen fest, dass das Gesamtkonzept zur Umstrukturierung allgemeiner zu inklusiven Schulen insbesondere h\u00f6rbehinderte Kinder diskriminiert, da es nicht\u2026","rel":"","context":"In &quot;Stellungnahme&quot;","block_context":{"text":"Stellungnahme","link":"https:\/\/landeselternverband.de\/?cat=2"},"img":{"alt_text":"","src":"https:\/\/i0.wp.com\/landeselternverband.de\/wp-content\/uploads\/2023\/08\/image.png?resize=350%2C200&ssl=1","width":350,"height":200,"srcset":"https:\/\/i0.wp.com\/landeselternverband.de\/wp-content\/uploads\/2023\/08\/image.png?resize=350%2C200&ssl=1 1x, https:\/\/i0.wp.com\/landeselternverband.de\/wp-content\/uploads\/2023\/08\/image.png?resize=525%2C300&ssl=1 1.5x, https:\/\/i0.wp.com\/landeselternverband.de\/wp-content\/uploads\/2023\/08\/image.png?resize=700%2C400&ssl=1 2x"},"classes":[]}],"_links":{"self":[{"href":"https:\/\/landeselternverband.de\/index.php?rest_route=\/wp\/v2\/posts\/251","targetHints":{"allow":["GET"]}}],"collection":[{"href":"https:\/\/landeselternverband.de\/index.php?rest_route=\/wp\/v2\/posts"}],"about":[{"href":"https:\/\/landeselternverband.de\/index.php?rest_route=\/wp\/v2\/types\/post"}],"author":[{"embeddable":true,"href":"https:\/\/landeselternverband.de\/index.php?rest_route=\/wp\/v2\/users\/3"}],"replies":[{"embeddable":true,"href":"https:\/\/landeselternverband.de\/index.php?rest_route=%2Fwp%2Fv2%2Fcomments&post=251"}],"version-history":[{"count":1,"href":"https:\/\/landeselternverband.de\/index.php?rest_route=\/wp\/v2\/posts\/251\/revisions"}],"predecessor-version":[{"id":252,"href":"https:\/\/landeselternverband.de\/index.php?rest_route=\/wp\/v2\/posts\/251\/revisions\/252"}],"wp:attachment":[{"href":"https:\/\/landeselternverband.de\/index.php?rest_route=%2Fwp%2Fv2%2Fmedia&parent=251"}],"wp:term":[{"taxonomy":"category","embeddable":true,"href":"https:\/\/landeselternverband.de\/index.php?rest_route=%2Fwp%2Fv2%2Fcategories&post=251"},{"taxonomy":"post_tag","embeddable":true,"href":"https:\/\/landeselternverband.de\/index.php?rest_route=%2Fwp%2Fv2%2Ftags&post=251"}],"curies":[{"name":"wp","href":"https:\/\/api.w.org\/{rel}","templated":true}]}}