{"id":690,"date":"2020-10-25T18:43:34","date_gmt":"2020-10-25T17:43:34","guid":{"rendered":"https:\/\/landeselternverband.de\/?p=690"},"modified":"2020-10-25T18:43:36","modified_gmt":"2020-10-25T17:43:36","slug":"seite-fuer-eltern-mit-lernschwierigkeiten","status":"publish","type":"post","link":"https:\/\/landeselternverband.de\/?p=690","title":{"rendered":"Seite f\u00fcr Eltern mit Lernschwierigkeiten"},"content":{"rendered":"\n<p>Viele Menschen mit Lernschwierigkeiten wollen sich \u00fcber das Thema Elternschaft informieren. Daf\u00fcr gibt es jetzt eine Seite im Internet. Hier kann nachgelesen werden, was man machen muss wenn man Unterst\u00fctzung als Eltern haben m\u00f6chte. <\/p>\n\n\n\n<p>Ihr m\u00f6chtet mehr Infos? Dann klickt <a rel=\"noreferrer noopener\" href=\"https:\/\/begleitete-elternschaft-nrw.de\/fuer-eltern\/\" target=\"_blank\">-> hier &lt;-<\/a>.<\/p>\n","protected":false},"excerpt":{"rendered":"<p>Viele Menschen mit Lernschwierigkeiten wollen sich \u00fcber das Thema Elternschaft informieren. Daf\u00fcr gibt es jetzt eine Seite im Internet. Hier kann nachgelesen werden, was man&hellip;<\/p>\n<p> <a class=\"more-link\" href=\"https:\/\/landeselternverband.de\/?p=690\">Weiterlesen<\/a><\/p>\n","protected":false},"author":2,"featured_media":0,"comment_status":"closed","ping_status":"open","sticky":false,"template":"","format":"standard","meta":{"jetpack_post_was_ever_published":false,"_jetpack_newsletter_access":"","_jetpack_dont_email_post_to_subs":false,"_jetpack_newsletter_tier_id":0,"_jetpack_memberships_contains_paywalled_content":false,"_jetpack_memberships_contains_paid_content":false,"footnotes":"","jetpack_publicize_message":"Internet-Seite f\u00fcr Eltern mit Lernschwierigkeiten:  https:\/\/begleitete-elternschaft-nrw.de\/fuer-eltern\/","jetpack_publicize_feature_enabled":true,"jetpack_social_post_already_shared":true,"jetpack_social_options":{"image_generator_settings":{"template":"highway","default_image_id":0,"font":"","enabled":false},"version":2}},"categories":[1],"tags":[],"class_list":["post-690","post","type-post","status-publish","format-standard","category-uncategorized"],"jetpack_publicize_connections":[],"jetpack_featured_media_url":"","jetpack_sharing_enabled":true,"jetpack_shortlink":"https:\/\/wp.me\/paPRwJ-b8","jetpack-related-posts":[{"id":682,"url":"https:\/\/landeselternverband.de\/?p=682","url_meta":{"origin":690,"position":0},"title":"Umfrage f\u00fcr Eltern mit CI-Kind(ern) und Geb\u00e4rdensprache","author":"Susann Harnisch","date":"25. Oktober 2020","format":false,"excerpt":"Uns hat eine Umfrage f\u00fcr Eltern mit CI-implantierten Kind(ern) erreicht, die auch Geb\u00e4rdensprache lernen. Hier gibt es n\u00e4hrere Infos dazu: Umfrage-CI-und-Gebaerdensprache Herunterladen Und HIER gibt es die Umfrage. Danke f\u00fcrs Mitmachen!","rel":"","context":"\u00c4hnlicher Beitrag","block_context":{"text":"\u00c4hnlicher Beitrag","link":""},"img":{"alt_text":"","src":"","width":0,"height":0},"classes":[]},{"id":7,"url":"https:\/\/landeselternverband.de\/?p=7","url_meta":{"origin":690,"position":1},"title":"Stellungnahme zum Englischunterricht an Fo\u0308rderschulen Ho\u0308ren und Kommunikation in NRW","author":"Susann Harnisch","date":"24. M\u00e4rz 2019","format":false,"excerpt":"Der Landeselternverband geh\u00f6rloser und schwerh\u00f6riger Kinder und Jugendlicher NRW e.V. schlie\u00dft sich den Forderungen des Bundeselternverbandes geh\u00f6rloser Kinder e.V. an und fordert ebenfalls den Englischunterricht in ASL (American Sign Language) in den nordrhein-westf\u00e4lischen F\u00f6rderschulen H\u00f6ren und Kommunikation durchzuf\u00fchren. Die von den Englischlehrern der F\u00f6rderschulen H\u00f6ren und Kommunikation in ihrer Landes-fachkonferenz\u2026","rel":"","context":"In &quot;Stellungnahme&quot;","block_context":{"text":"Stellungnahme","link":"https:\/\/landeselternverband.de\/?cat=2"},"img":{"alt_text":"","src":"","width":0,"height":0},"classes":[]},{"id":677,"url":"https:\/\/landeselternverband.de\/?p=677","url_meta":{"origin":690,"position":2},"title":"Hilfe f\u00fcr Th\u00fcringen","author":"Susann Harnisch","date":"25. Oktober 2020","format":false,"excerpt":"Im Th\u00fcringer Gesetz zur Inklusion und Gleichstellung von Menschen mit Behinderungen (Th\u00fcrGIG) wurden geh\u00f6rlose Eltern mit Coda-Kindern vergessen. Aufgrund dieses Fehlers im Gesetz gab es bereits einige F\u00e4lle, in denen den geh\u00f6rlosen Eltern die Antr\u00e4ge auf Kosten\u00fcbernahme f\u00fcr Dolmetscher im Kindergarten f\u00fcr Elterngespr\u00e4che oder Elternabende abgelehnt wurden. Mehr dazu k\u00f6nnt\u2026","rel":"","context":"\u00c4hnlicher Beitrag","block_context":{"text":"\u00c4hnlicher Beitrag","link":""},"img":{"alt_text":"","src":"","width":0,"height":0},"classes":[]},{"id":644,"url":"https:\/\/landeselternverband.de\/?p=644","url_meta":{"origin":690,"position":3},"title":"DRINGEND! Macht bitte alle bei dieser Umfrage mit!","author":"Ulrik Harnisch","date":"3. Oktober 2020","format":false,"excerpt":"Liebe Eltern mit h\u00f6rbehinderten Kindern, die europ\u00e4ische Elternvereinigung FEPEDA f\u00fchrt noch bis morgen (04.10.2020) eine Elternumfrage durch, um die Bed\u00fcrfnisse von Familien mit geh\u00f6rlosen und schwerh\u00f6rigen Kindern und Jugendlichen in ganz Europa zu untersuchen. Je mehr Eltern sich beteiligen, umso st\u00e4rker k\u00f6nnen wir und andere Verb\u00e4nde anschlie\u00dfend eure Interessen auf\u2026","rel":"","context":"In &quot;Umfrage&quot;","block_context":{"text":"Umfrage","link":"https:\/\/landeselternverband.de\/?cat=40"},"img":{"alt_text":"","src":"","width":0,"height":0},"classes":[]},{"id":631,"url":"https:\/\/landeselternverband.de\/?p=631","url_meta":{"origin":690,"position":4},"title":"Vorstandssitzung vom 18. September 2020","author":"AdminLEV","date":"23. September 2020","format":false,"excerpt":"Zwei F\u00f6rderschulen H\u00f6ren\/Kommunikation in Nordrhein-Westfalen haben neue Schulleitungen, die wir herzlich begl\u00fcckw\u00fcnschen.Bei einem Termin an einer F\u00f6rderschule m\u00f6chten \u00fcber den Einsatz von Geb\u00e4rdensprache sprechen.Wir m\u00f6chten euch Angebote f\u00fcr digitale Elterntreffen machen. Der erste Termin hierf\u00fcr ist der 9. Oktober 2020 von 17 bis 19 Uhr. Liane, Susan und Marty geb\u00e4rden\u2026","rel":"","context":"In &quot;Vorstandssitzungen&quot;","block_context":{"text":"Vorstandssitzungen","link":"https:\/\/landeselternverband.de\/?cat=72"},"img":{"alt_text":"","src":"","width":0,"height":0},"classes":[]},{"id":136,"url":"https:\/\/landeselternverband.de\/?p=136","url_meta":{"origin":690,"position":5},"title":"Stellungnahme zum B\u00fcndnis inklusive Bildung NRW","author":"Susann Harnisch","date":"25. M\u00e4rz 2019","format":false,"excerpt":"Der Landeselternverband geh\u00f6rloser und schwerh\u00f6riger Kinder und Jugendlicher Nordrhein-Westfalen e. V. f\u00fchlt sich durch das B\u00fcndnis inklusive Bildung nicht vertreten, da kein Verband mit H\u00f6rsch\u00e4digung dabei ist. Es ist gut, dass das B\u00fcndnis ein Wahlrecht f\u00fcr Eltern durchgesetzt hat. Es gibt Eltern, die von diesem Wahlrecht Gebrauch machen und ihre\u2026","rel":"","context":"In &quot;Stellungnahme&quot;","block_context":{"text":"Stellungnahme","link":"https:\/\/landeselternverband.de\/?cat=2"},"img":{"alt_text":"","src":"","width":0,"height":0},"classes":[]}],"_links":{"self":[{"href":"https:\/\/landeselternverband.de\/index.php?rest_route=\/wp\/v2\/posts\/690","targetHints":{"allow":["GET"]}}],"collection":[{"href":"https:\/\/landeselternverband.de\/index.php?rest_route=\/wp\/v2\/posts"}],"about":[{"href":"https:\/\/landeselternverband.de\/index.php?rest_route=\/wp\/v2\/types\/post"}],"author":[{"embeddable":true,"href":"https:\/\/landeselternverband.de\/index.php?rest_route=\/wp\/v2\/users\/2"}],"replies":[{"embeddable":true,"href":"https:\/\/landeselternverband.de\/index.php?rest_route=%2Fwp%2Fv2%2Fcomments&post=690"}],"version-history":[{"count":1,"href":"https:\/\/landeselternverband.de\/index.php?rest_route=\/wp\/v2\/posts\/690\/revisions"}],"predecessor-version":[{"id":691,"href":"https:\/\/landeselternverband.de\/index.php?rest_route=\/wp\/v2\/posts\/690\/revisions\/691"}],"wp:attachment":[{"href":"https:\/\/landeselternverband.de\/index.php?rest_route=%2Fwp%2Fv2%2Fmedia&parent=690"}],"wp:term":[{"taxonomy":"category","embeddable":true,"href":"https:\/\/landeselternverband.de\/index.php?rest_route=%2Fwp%2Fv2%2Fcategories&post=690"},{"taxonomy":"post_tag","embeddable":true,"href":"https:\/\/landeselternverband.de\/index.php?rest_route=%2Fwp%2Fv2%2Ftags&post=690"}],"curies":[{"name":"wp","href":"https:\/\/api.w.org\/{rel}","templated":true}]}}