{"id":7,"date":"2019-03-24T08:39:39","date_gmt":"2019-03-24T07:39:39","guid":{"rendered":"http:\/\/landeselternverband.de\/?p=7"},"modified":"2019-05-07T17:28:19","modified_gmt":"2019-05-07T15:28:19","slug":"stellungnahme-zum-englischunterricht-an-fo%cc%88rderschulen-ho%cc%88ren-und-kommunikation-in-nrw","status":"publish","type":"post","link":"https:\/\/landeselternverband.de\/?p=7","title":{"rendered":"Stellungnahme zum Englischunterricht an Fo\u0308rderschulen Ho\u0308ren und Kommunikation in NRW"},"content":{"rendered":"\n<p> Der Landeselternverband geh\u00f6rloser und schwerh\u00f6riger Kinder und Jugendlicher NRW e.V. schlie\u00dft sich den Forderungen des Bundeselternverbandes geh\u00f6rloser Kinder e.V. an und fordert ebenfalls den Englischunterricht in ASL (American Sign Language) in den nordrhein-westf\u00e4lischen F\u00f6rderschulen H\u00f6ren und Kommunikation durchzuf\u00fchren.<\/p>\n\n\n\n<p>Die von den Englischlehrern der F\u00f6rderschulen H\u00f6ren und Kommunikation in ihrer Landes-fachkonferenz Englisch beschlossene Strategie, \u00fcberwiegend Signed English (SE) einzuset-zen lehnen wir in dieser Form ab. SE ist gleichzusetzen mit LUG (Lautsprachunterst\u00fctzende Geb\u00e4rden). <\/p>\n\n\n\n<p>So wie der Landeselternverband geh\u00f6rloser und schwerh\u00f6riger Kinder und Jugendlicher NRW e.V. im gesamten Unterricht aller F\u00e4cher den bimodal-bilingualen Unterricht fordert, unter Einsatz von DGS (Deutsche Geb\u00e4rdensprache) und Schriftsprache, fordern wir das gleiche f\u00fcr den Englischunterricht in Form von ASL und Schriftsprache. <\/p>\n\n\n\n<p>Es entsteht der Eindruck, dass der Englischunterricht in SE, als visualisiertes Englisch, wel-ches nur von h\u00f6renden Menschen und nicht von geh\u00f6rlosen Amerikanern genutzt wird, stattfinden soll, weil die derzeit t\u00e4tigen Englischlehrer an den F\u00f6rderschulen H\u00f6ren und Kommunikation in ihrem Studium kein ASL gelernt haben. <\/p>\n\n\n\n<p>Der Landeselternverband geh\u00f6rloser und schwerh\u00f6riger Kinder und Jugendlicher NRW e.V. fordert eine Gleichbehandlung von h\u00f6rgesch\u00e4digten und h\u00f6renden Sch\u00fclern, die ihrerseits eine echte 2. Fremdsprache erlernen und nicht ein erfundenes Konstrukt. <\/p>\n\n\n\n<p>Es gibt mehr ASL-Materialien, mediale Lerntutorials u. a. als f\u00fcr SE. Bereits in Hamburg und in Berlin wird ASL im Englischunterricht zumindest in den F\u00f6rderschulen H\u00f6ren und Kommunikation erfolgreich praktiziert. Bremen ist seit kurzem auch auf diesem Weg. <\/p>\n\n\n\n<p>Es m\u00fcssen zeitnah Schulungen des vorhandenen Lehrpersonals in ASL stattfinden und im Studium der Englischlehrer muss ASL einen festen Platz bekommen. <\/p>\n\n\n\n<p>Zudem ist zu pr\u00fcfen, ob andere kompetente Personen, die der ASL m\u00e4chtig sind und diese auch unterrichten k\u00f6nnen, im Schuldienst in Nordrhein-Westfalen eingesetzt werden. <\/p>\n","protected":false},"excerpt":{"rendered":"<p>Der Landeselternverband geh\u00f6rloser und schwerh\u00f6riger Kinder und Jugendlicher NRW e.V. schlie\u00dft sich den Forderungen des Bundeselternverbandes geh\u00f6rloser Kinder e.V. an und fordert ebenfalls den Englischunterricht&hellip;<\/p>\n<p> <a class=\"more-link\" href=\"https:\/\/landeselternverband.de\/?p=7\">Weiterlesen<\/a><\/p>\n","protected":false},"author":2,"featured_media":0,"comment_status":"open","ping_status":"open","sticky":false,"template":"","format":"standard","meta":{"jetpack_post_was_ever_published":false,"_jetpack_newsletter_access":"","_jetpack_dont_email_post_to_subs":false,"_jetpack_newsletter_tier_id":0,"_jetpack_memberships_contains_paywalled_content":false,"_jetpack_memberships_contains_paid_content":false,"footnotes":"","jetpack_publicize_message":"","jetpack_publicize_feature_enabled":true,"jetpack_social_post_already_shared":true,"jetpack_social_options":{"image_generator_settings":{"template":"highway","default_image_id":0,"font":"","enabled":false},"version":2}},"categories":[2],"tags":[3,4,5],"class_list":["post-7","post","type-post","status-publish","format-standard","category-stellungnahme","tag-asl","tag-foerderschule","tag-stellungnahme"],"jetpack_publicize_connections":[],"jetpack_featured_media_url":"","jetpack_sharing_enabled":true,"jetpack_shortlink":"https:\/\/wp.me\/paPRwJ-7","jetpack-related-posts":[{"id":230,"url":"https:\/\/landeselternverband.de\/?p=230","url_meta":{"origin":7,"position":0},"title":"Stellungnahme zur barrierefreien Schule f\u00fcr h\u00f6rgesch\u00e4digte Sch\u00fcler","author":"Ulrik Harnisch","date":"4. April 2019","format":false,"excerpt":"Der Landeselternverband geh\u00f6rloser und schwerh\u00f6riger Kinder und Jugendlicher NRW fordert den sukzessiven Umbau der F\u00f6rderschulen f\u00fcr H\u00f6ren und Kommunikation und den Abbau der Barrieren in den Schulen f\u00fcr h\u00f6rgesch\u00e4digte Sch\u00fcler. Alle Sch\u00fcler sollen in die Lage versetzt werden, selbst\u00e4ndig anhand von visuellen Signalen oder digitalen Informationstafeln jegliche Art von Informationen\u2026","rel":"","context":"In &quot;Stellungnahme&quot;","block_context":{"text":"Stellungnahme","link":"https:\/\/landeselternverband.de\/?cat=2"},"img":{"alt_text":"","src":"","width":0,"height":0},"classes":[]},{"id":138,"url":"https:\/\/landeselternverband.de\/?p=138","url_meta":{"origin":7,"position":1},"title":"Stellungnahme zum Thema Geb\u00e4rdensprache an Schulen","author":"Susann Harnisch","date":"25. M\u00e4rz 2019","format":false,"excerpt":"Der Landeselternverband geh\u00f6rloser und schwerh\u00f6riger Kinder und Jugendlicher Nordrhein-Westfalen e. V. fordert, dass die Deutsche Geb\u00e4rdensprache in F\u00f6rderschulen unterrichtet wird. Lehrerinnen und Lehrer an den Schulen m\u00fcssen dazu bef\u00e4higt werden, mit jeder Art H\u00f6rsch\u00e4digung kommunizieren zu k\u00f6nnen. Alle Sch\u00fclerinnen und Sch\u00fcler an den Schulen sollen in der Lage sein, miteinander\u2026","rel":"","context":"In &quot;Stellungnahme&quot;","block_context":{"text":"Stellungnahme","link":"https:\/\/landeselternverband.de\/?cat=2"},"img":{"alt_text":"","src":"","width":0,"height":0},"classes":[]},{"id":136,"url":"https:\/\/landeselternverband.de\/?p=136","url_meta":{"origin":7,"position":2},"title":"Stellungnahme zum B\u00fcndnis inklusive Bildung NRW","author":"Susann Harnisch","date":"25. M\u00e4rz 2019","format":false,"excerpt":"Der Landeselternverband geh\u00f6rloser und schwerh\u00f6riger Kinder und Jugendlicher Nordrhein-Westfalen e. V. f\u00fchlt sich durch das B\u00fcndnis inklusive Bildung nicht vertreten, da kein Verband mit H\u00f6rsch\u00e4digung dabei ist. Es ist gut, dass das B\u00fcndnis ein Wahlrecht f\u00fcr Eltern durchgesetzt hat. Es gibt Eltern, die von diesem Wahlrecht Gebrauch machen und ihre\u2026","rel":"","context":"In &quot;Stellungnahme&quot;","block_context":{"text":"Stellungnahme","link":"https:\/\/landeselternverband.de\/?cat=2"},"img":{"alt_text":"","src":"","width":0,"height":0},"classes":[]},{"id":1015,"url":"https:\/\/landeselternverband.de\/?p=1015","url_meta":{"origin":7,"position":3},"title":"Stellungnahme zum Gesamtkonzept des inklusiven Schulsystems, insbesondere f\u00fcr h\u00f6rbehinderte Kinder","author":"AdminLEV","date":"19. August 2023","format":false,"excerpt":"Die aktuelle Ver\u00f6ffentlichung des Deutschen Instituts f\u00fcr Menschenrechte \u201eSchulische Inklusion wirksam umsetzen\u201c stellt das Gesamtkonzepts zur Umstrukturierung allgemeiner zu inklusiven Schulen vor, das den systematischen und schrittweisen Abbau von F\u00f6rderschulstandorten vorsieht. Wir stellen fest, dass das Gesamtkonzept zur Umstrukturierung allgemeiner zu inklusiven Schulen insbesondere h\u00f6rbehinderte Kinder diskriminiert, da es nicht\u2026","rel":"","context":"In &quot;Stellungnahme&quot;","block_context":{"text":"Stellungnahme","link":"https:\/\/landeselternverband.de\/?cat=2"},"img":{"alt_text":"","src":"https:\/\/i0.wp.com\/landeselternverband.de\/wp-content\/uploads\/2023\/08\/image.png?resize=350%2C200&ssl=1","width":350,"height":200,"srcset":"https:\/\/i0.wp.com\/landeselternverband.de\/wp-content\/uploads\/2023\/08\/image.png?resize=350%2C200&ssl=1 1x, https:\/\/i0.wp.com\/landeselternverband.de\/wp-content\/uploads\/2023\/08\/image.png?resize=525%2C300&ssl=1 1.5x, https:\/\/i0.wp.com\/landeselternverband.de\/wp-content\/uploads\/2023\/08\/image.png?resize=700%2C400&ssl=1 2x"},"classes":[]},{"id":631,"url":"https:\/\/landeselternverband.de\/?p=631","url_meta":{"origin":7,"position":4},"title":"Vorstandssitzung vom 18. September 2020","author":"AdminLEV","date":"23. September 2020","format":false,"excerpt":"Zwei F\u00f6rderschulen H\u00f6ren\/Kommunikation in Nordrhein-Westfalen haben neue Schulleitungen, die wir herzlich begl\u00fcckw\u00fcnschen.Bei einem Termin an einer F\u00f6rderschule m\u00f6chten \u00fcber den Einsatz von Geb\u00e4rdensprache sprechen.Wir m\u00f6chten euch Angebote f\u00fcr digitale Elterntreffen machen. Der erste Termin hierf\u00fcr ist der 9. Oktober 2020 von 17 bis 19 Uhr. Liane, Susan und Marty geb\u00e4rden\u2026","rel":"","context":"In &quot;Vorstandssitzungen&quot;","block_context":{"text":"Vorstandssitzungen","link":"https:\/\/landeselternverband.de\/?cat=72"},"img":{"alt_text":"","src":"","width":0,"height":0},"classes":[]},{"id":134,"url":"https:\/\/landeselternverband.de\/?p=134","url_meta":{"origin":7,"position":5},"title":"Stellungnahme zum Thema inklusive Medien (Termin 25.1. beim WDR)","author":"Susann Harnisch","date":"25. M\u00e4rz 2019","format":false,"excerpt":"Der Landeselternverband geh\u00f6rloser und schwerh\u00f6riger Kinder und Jugendlicher Nordrhein-Westfalen e. V. fordert einen barrierefreien Zugang zu Fernsehen f\u00fcr Kinder mit H\u00f6rsch\u00e4digung und Geh\u00f6rlosigkeit. Damit sind auch die Kinder gemeint, die noch nicht lesen k\u00f6nnen. Konkret werden f\u00fcr h\u00f6rgesch\u00e4digte und geh\u00f6rlose Kinder eingeblendete Geb\u00e4rdensprachdolmetscher f\u00fcr Sendungen bis in ein Alter von\u2026","rel":"","context":"In &quot;Stellungnahme&quot;","block_context":{"text":"Stellungnahme","link":"https:\/\/landeselternverband.de\/?cat=2"},"img":{"alt_text":"","src":"","width":0,"height":0},"classes":[]}],"_links":{"self":[{"href":"https:\/\/landeselternverband.de\/index.php?rest_route=\/wp\/v2\/posts\/7","targetHints":{"allow":["GET"]}}],"collection":[{"href":"https:\/\/landeselternverband.de\/index.php?rest_route=\/wp\/v2\/posts"}],"about":[{"href":"https:\/\/landeselternverband.de\/index.php?rest_route=\/wp\/v2\/types\/post"}],"author":[{"embeddable":true,"href":"https:\/\/landeselternverband.de\/index.php?rest_route=\/wp\/v2\/users\/2"}],"replies":[{"embeddable":true,"href":"https:\/\/landeselternverband.de\/index.php?rest_route=%2Fwp%2Fv2%2Fcomments&post=7"}],"version-history":[{"count":2,"href":"https:\/\/landeselternverband.de\/index.php?rest_route=\/wp\/v2\/posts\/7\/revisions"}],"predecessor-version":[{"id":234,"href":"https:\/\/landeselternverband.de\/index.php?rest_route=\/wp\/v2\/posts\/7\/revisions\/234"}],"wp:attachment":[{"href":"https:\/\/landeselternverband.de\/index.php?rest_route=%2Fwp%2Fv2%2Fmedia&parent=7"}],"wp:term":[{"taxonomy":"category","embeddable":true,"href":"https:\/\/landeselternverband.de\/index.php?rest_route=%2Fwp%2Fv2%2Fcategories&post=7"},{"taxonomy":"post_tag","embeddable":true,"href":"https:\/\/landeselternverband.de\/index.php?rest_route=%2Fwp%2Fv2%2Ftags&post=7"}],"curies":[{"name":"wp","href":"https:\/\/api.w.org\/{rel}","templated":true}]}}